{"id":9,"count":8,"description":"Nejobl\u00edben\u011bj\u0161\u00ed m\u011b\u0159\u00edtko 1:48 a letadla II. sv\u011btov\u00e9 v\u00e1lky. Nem\u00e1m obl\u00edbenou stranu, tak\u017ee stav\u00edm v\u0161e, co se mi l\u00edb\u00ed.\r\n\r\nOkrajov\u011b zabrous\u00edm do letadel 1:72 \u010di 1:32, jednou za 10 let i do techniky 1:35 nebo lod\u011b 1:350.\r\n\r\nNic ned\u011bl\u00e1m po\u0159\u00e1dn\u011b, proto\u017ee kon\u00ed\u010dk\u016f m\u00e1m hodn\u011b a \u010dasu je m\u00e1lo.","link":"https:\/\/kpmslany.cz\/index.php\/tag\/michal-svandrlik-st\/","name":"Michal \u0160vandrl\u00edk st.","slug":"michal-svandrlik-st","taxonomy":"post_tag","meta":[],"_links":{"self":[{"href":"https:\/\/kpmslany.cz\/index.php\/wp-json\/wp\/v2\/tags\/9"}],"collection":[{"href":"https:\/\/kpmslany.cz\/index.php\/wp-json\/wp\/v2\/tags"}],"about":[{"href":"https:\/\/kpmslany.cz\/index.php\/wp-json\/wp\/v2\/taxonomies\/post_tag"}],"wp:post_type":[{"href":"https:\/\/kpmslany.cz\/index.php\/wp-json\/wp\/v2\/posts?tags=9"}],"curies":[{"name":"wp","href":"https:\/\/api.w.org\/{rel}","templated":true}]}}